{"id":715,"date":"2024-02-16T01:00:09","date_gmt":"2024-02-16T00:00:09","guid":{"rendered":"https:\/\/iycdenmark.dk\/?p=715"},"modified":"2024-02-16T01:01:23","modified_gmt":"2024-02-16T00:01:23","slug":"danmark-ser-frem-til-international-wdf-youth-challenge-vienna","status":"publish","type":"post","link":"https:\/\/iycdenmark.dk\/da\/danmark-ser-frem-til-international-wdf-youth-challenge-vienna\/","title":{"rendered":"Danmark ser frem til International WDF Youth Challenge Vienna"},"content":{"rendered":"<p>Med en atmosf\u00e6re fyldt af forventning og dartpilene spidset, g\u00f8r Danmark sig klar til at deltage i &#8220;International WDF Youth Challenge Vienna&#8221;. N\u00e5r kalenderen viser 16.-17. marts, vil en gruppe af Danmarks unge talenter indtage dartscenen. Uden at l\u00e6gge v\u00e6gt p\u00e5 resultaterne, men snarere p\u00e5 oplevelsen og det at v\u00e6re en del af et internationalt f\u00e6llesskab, ser disse spillere frem til at deltage i begivenheden, hvor samv\u00e6r og sportsgl\u00e6de st\u00e5r i centrum.<\/p><p>Danmark har altid haft en st\u00e6rk tradition for at bakke op om sine unge talenter, og dette \u00e5r er ingen undtagelse. Det danske bruttolandshold, best\u00e5ende af vores mest lovende juniorspillere, har forberedt sig intensivt og er mere end klar til at repr\u00e6sentere de r\u00f8d-hvide farver p\u00e5 den internationale scene.<\/p><p>Men det er ikke kun landsholdsspillere, der f\u00e5r denne \u00e6re. En h\u00e5ndfuld passionerede unge spillere har ogs\u00e5 taget initiativet til selv at rejse med ned til \u00d8strig for at deltage i udfordringen. Deres engagement og vilje til selvfinansiering for at deltage viser den dybde og dedikation, der findes i den danske dartsport.<\/p><p>I l\u00f8bet af de to dage vil vores spillere k\u00e6mpe for at sikre en fornem overall placering for Danmark og bygge videre p\u00e5 sidste \u00e5rs resultater. Med over 113 juniorspillere fra forskellige lande i sidste \u00e5rs turnering, er det et gensyn med \u00d8strig, der b\u00e6rer l\u00f8fter om st\u00e6rke pr\u00e6stationer og nyttige erfaringer for alle deltagere.<\/p><p>Venskabelige rivaliseringer og sportens \u00e5nd vil blive fejret, n\u00e5r disse unge atleter m\u00f8des for at vise deres f\u00e6rdigheder og repr\u00e6sentere deres lande med stolthed. For dem er &#8220;International WDF Youth Challenge Vienna&#8221; mere end blot en turnering; det er en chance for at skabe internationale venskaber og samtidig s\u00e6tte deres pr\u00e6g p\u00e5 sporten.<\/p><p>For mere information om st\u00e6vnet, de deltagende spillere, og programmet, kan interesserede bes\u00f8ge den officielle hjemmeside for International WDF Youth Challenge Vienna p\u00e5 <a href=\"https:\/\/iycvienna.com\/\" target=\"_blank\" rel=\"noreferrer noopener\">iycvienna.com<\/a>. Her kan man dykke ned i detaljerne og f\u00f8lge med i forberedelserne til den forest\u00e5ende begivenhed, der lover at blive en uforglemmelig oplevelse for alle involverede.<\/p>","protected":false},"excerpt":{"rendered":"<p>Med en atmosf\u00e6re fyldt af forventning og dartpilene spidset, g\u00f8r Danmark sig klar til at deltage i &#8220;International WDF Youth Challenge Vienna&#8221;. N\u00e5r kalenderen viser 16.-17. marts, vil en gruppe af Danmarks unge talenter indtage dartscenen. Uden at l\u00e6gge v\u00e6gt p\u00e5 resultaterne, men snarere p\u00e5 oplevelsen og det at v\u00e6re en del af et internationalt [&hellip;]<\/p>\n","protected":false},"author":1,"featured_media":716,"comment_status":"open","ping_status":"closed","sticky":false,"template":"","format":"standard","meta":{"wds_primary_category":0,"footnotes":""},"categories":[47],"tags":[],"class_list":{"0":"post-715","1":"post","2":"type-post","3":"status-publish","4":"format-standard","5":"has-post-thumbnail","7":"category-nyheder","8":"czr-hentry"},"_links":{"self":[{"href":"https:\/\/iycdenmark.dk\/da\/wp-json\/wp\/v2\/posts\/715","targetHints":{"allow":["GET"]}}],"collection":[{"href":"https:\/\/iycdenmark.dk\/da\/wp-json\/wp\/v2\/posts"}],"about":[{"href":"https:\/\/iycdenmark.dk\/da\/wp-json\/wp\/v2\/types\/post"}],"author":[{"embeddable":true,"href":"https:\/\/iycdenmark.dk\/da\/wp-json\/wp\/v2\/users\/1"}],"replies":[{"embeddable":true,"href":"https:\/\/iycdenmark.dk\/da\/wp-json\/wp\/v2\/comments?post=715"}],"version-history":[{"count":0,"href":"https:\/\/iycdenmark.dk\/da\/wp-json\/wp\/v2\/posts\/715\/revisions"}],"wp:featuredmedia":[{"embeddable":true,"href":"https:\/\/iycdenmark.dk\/da\/wp-json\/wp\/v2\/media\/716"}],"wp:attachment":[{"href":"https:\/\/iycdenmark.dk\/da\/wp-json\/wp\/v2\/media?parent=715"}],"wp:term":[{"taxonomy":"category","embeddable":true,"href":"https:\/\/iycdenmark.dk\/da\/wp-json\/wp\/v2\/categories?post=715"},{"taxonomy":"post_tag","embeddable":true,"href":"https:\/\/iycdenmark.dk\/da\/wp-json\/wp\/v2\/tags?post=715"}],"curies":[{"name":"wp","href":"https:\/\/api.w.org\/{rel}","templated":true}]}}